{"id":27,"date":"2023-09-28T10:30:00","date_gmt":"2023-09-28T08:30:00","guid":{"rendered":"https:\/\/demosites.io\/lawyers-gb\/?p=27"},"modified":"2024-11-12T11:56:32","modified_gmt":"2024-11-12T10:56:32","slug":"a-nort-sur-erdre-des-ados-urinent-sur-sa-porte-il-frappe-lun-dentre-eux","status":"publish","type":"post","link":"https:\/\/lemeuravocat.fr\/index.php\/2023\/09\/28\/a-nort-sur-erdre-des-ados-urinent-sur-sa-porte-il-frappe-lun-dentre-eux\/","title":{"rendered":"\u00c0 Nort-sur-Erdre, des ados urinent sur sa porte, il frappe l\u2019un d\u2019entre eux"},"content":{"rendered":"\n<h2 class=\"wp-block-heading\"><\/h2>\n\n\n\n<p>Un habitant de Nort-sur-Erdre (Loire-Atlantique), \u00e2g\u00e9 de 34\u00a0ans a \u00e9t\u00e9 condamn\u00e9 par le tribunal correctionnel de Nantes, ce mardi 26\u00a0septembre, en comparution imm\u00e9diate, pour avoir exerc\u00e9 des violences avec arme sur un ado de 14\u00a0ans.<\/p>\n\n\n\n<p>Le 21\u00a0janvier, aux alentours de 21\u00a0h, quatre\u00a0adolescents s\u2019agitent dans les rues de\u00a0Nort-sur-Erdre.\u00a0<q>\u00a0On a commenc\u00e9 \u00e0 faire des petites conneries\u00a0: sonner aux portes, taper sur les bo\u00eetes aux lettres, pisser sur la porte des voisins\u00a0<\/q>, d\u00e9crit l\u2019un d\u2019eux. Seulement, des habitants ont d\u00e9j\u00e0 \u00e9t\u00e9 victimes d\u2019incivilit\u00e9s la veille.\u00a0<q>\u00a0J\u2019ai vrill\u00e9\u00a0<\/q>, reconna\u00eet le pr\u00e9venu \u00e0 l\u2019audience ce mardi 26\u00a0septembre.<br><\/p>\n\n\n\n<p>L\u2019homme sort en trombe de chez lui et se lance \u00e0 la poursuite du groupe de jeunes. Il emporte avec lui une arme factice ressemblant \u00e0 un fusil de guerre.&nbsp;<q>&nbsp;Il hurlait&nbsp;: arr\u00eatez-vous ou je vous fous un coup d\u2019AK47&nbsp;<\/q>, explique la victime. L\u2019ado de 14&nbsp;ans est le seul \u00e0 s\u2019arr\u00eater.&nbsp;<q>&nbsp;Je n\u2019avais rien fait, j\u2019accompagnais juste les copains. J\u2019ai eu peur, je voulais lui expliquer.&nbsp;<\/q><\/p>\n\n\n\n<h2 class=\"wp-block-heading\" id=\"section-4-le-gamin-le-suppliait-darreter\">\u00ab&nbsp;Le gamin le suppliait d\u2019arr\u00eater&nbsp;\u00bb<\/h2>\n\n\n\n<p>Arriv\u00e9e place du Bassin, la responsable d\u2019un restaurant aper\u00e7oit le pr\u00e9venu et le jeune homme.&nbsp;<q>&nbsp;Il lui a donn\u00e9 des coups de crosse et des coups de poing. Le gamin hurlait qu\u2019il n\u2019avait rien fait et le suppliait d\u2019arr\u00eater.&nbsp;<\/q>&nbsp;La victime profite de l\u2019inattention du pr\u00e9venu pour se r\u00e9fugier dans le restaurant avant l\u2019arriv\u00e9e des forces de l\u2019ordre. Le m\u00e9decin constate une incapacit\u00e9 totale de travail de cinq&nbsp;jours.<\/p>\n\n\n\n<p>\u00c0 l\u2019audience, le trentenaire regrette&nbsp;:&nbsp;<q>&nbsp;J\u2019ai agi par peur, en voyant mes gamins pleurer dans la maison en entendant les coups sur la porte. J\u2019ai perdu le contr\u00f4le, je suis d\u00e9sol\u00e9.&nbsp;<\/q><\/p>\n\n\n\n<p>L\u2019avocat de la partie civile, Brett Le Meur, met en lumi\u00e8re&nbsp;<q>&nbsp;un d\u00e9cha\u00eenement de violences gratuites&nbsp;<\/q>.&nbsp;<q>&nbsp;Mon client n\u2019est pas all\u00e9 \u00e0 l\u2019\u00e9cole pendant trois&nbsp;semaines. Il est traumatis\u00e9, fait des cauchemars sans arr\u00eat.&nbsp;<\/q><\/p>\n\n\n\n<p><q>&nbsp;C\u2019\u00e9tait un contexte particulier&nbsp;: des gamins en pleine nuit urinent sur les portes de la ville&nbsp;!<\/q>&nbsp;argue l\u2019avocate de la d\u00e9fense, Marie-Emmanuelle Beloncle.&nbsp;<q>Mon client a fait un mauvais choix et le regrette grandement.&nbsp;<\/q><\/p>\n\n\n\n<p>La culpabilit\u00e9 du pr\u00e9venu ne fait aucun doute pour le tribunal correctionnel. Il le condamne \u00e0 la peine de quatre&nbsp;mois d\u2019emprisonnement assortis d\u2019un sursis probatoire. Il devra r\u00e9parer les dommages caus\u00e9s \u00e0 l\u2019adolescent et \u00e0 ses parents.<\/p>\n\n\n\n<p><\/p>\n","protected":false},"excerpt":{"rendered":"<p>Un habitant de Nort-sur-Erdre (Loire-Atlantique), \u00e2g\u00e9 de 34\u00a0ans a \u00e9t\u00e9 condamn\u00e9 par le tribunal correctionnel de Nantes, ce mardi 26\u00a0septembre, en comparution imm\u00e9diate, pour avoir exerc\u00e9 des violences avec arme sur un ado de 14\u00a0ans. Le 21\u00a0janvier, aux alentours de 21\u00a0h, quatre\u00a0adolescents s\u2019agitent dans les rues de\u00a0Nort-sur-Erdre.\u00a0\u00a0On a commenc\u00e9 \u00e0 faire des petites conneries\u00a0: sonner&hellip;&nbsp;<a href=\"https:\/\/lemeuravocat.fr\/index.php\/2023\/09\/28\/a-nort-sur-erdre-des-ados-urinent-sur-sa-porte-il-frappe-lun-dentre-eux\/\" rel=\"bookmark\">Lire la suite &raquo;<span class=\"screen-reader-text\">\u00c0 Nort-sur-Erdre, des ados urinent sur sa porte, il frappe l\u2019un d\u2019entre eux<\/span><\/a><\/p>\n","protected":false},"author":1,"featured_media":289,"comment_status":"open","ping_status":"open","sticky":false,"template":"","format":"standard","meta":{"neve_meta_sidebar":"","neve_meta_container":"","neve_meta_enable_content_width":"","neve_meta_content_width":70,"neve_meta_title_alignment":"","neve_meta_author_avatar":"","neve_post_elements_order":"","neve_meta_disable_header":"","neve_meta_disable_footer":"","neve_meta_disable_title":"","_themeisle_gutenberg_block_has_review":false,"footnotes":""},"categories":[10],"tags":[],"class_list":["post-27","post","type-post","status-publish","format-standard","has-post-thumbnail","hentry","category-uncategorized"],"_links":{"self":[{"href":"https:\/\/lemeuravocat.fr\/index.php\/wp-json\/wp\/v2\/posts\/27","targetHints":{"allow":["GET"]}}],"collection":[{"href":"https:\/\/lemeuravocat.fr\/index.php\/wp-json\/wp\/v2\/posts"}],"about":[{"href":"https:\/\/lemeuravocat.fr\/index.php\/wp-json\/wp\/v2\/types\/post"}],"author":[{"embeddable":true,"href":"https:\/\/lemeuravocat.fr\/index.php\/wp-json\/wp\/v2\/users\/1"}],"replies":[{"embeddable":true,"href":"https:\/\/lemeuravocat.fr\/index.php\/wp-json\/wp\/v2\/comments?post=27"}],"version-history":[{"count":1,"href":"https:\/\/lemeuravocat.fr\/index.php\/wp-json\/wp\/v2\/posts\/27\/revisions"}],"predecessor-version":[{"id":290,"href":"https:\/\/lemeuravocat.fr\/index.php\/wp-json\/wp\/v2\/posts\/27\/revisions\/290"}],"wp:featuredmedia":[{"embeddable":true,"href":"https:\/\/lemeuravocat.fr\/index.php\/wp-json\/wp\/v2\/media\/289"}],"wp:attachment":[{"href":"https:\/\/lemeuravocat.fr\/index.php\/wp-json\/wp\/v2\/media?parent=27"}],"wp:term":[{"taxonomy":"category","embeddable":true,"href":"https:\/\/lemeuravocat.fr\/index.php\/wp-json\/wp\/v2\/categories?post=27"},{"taxonomy":"post_tag","embeddable":true,"href":"https:\/\/lemeuravocat.fr\/index.php\/wp-json\/wp\/v2\/tags?post=27"}],"curies":[{"name":"wp","href":"https:\/\/api.w.org\/{rel}","templated":true}]}}