{"id":231,"date":"2022-03-18T10:41:00","date_gmt":"2022-03-18T09:41:00","guid":{"rendered":"https:\/\/demosites.io\/lawyers-gb\/?p=36"},"modified":"2024-11-12T11:51:16","modified_gmt":"2024-11-12T10:51:16","slug":"loire-atlantique-huit-ans-de-prison-pour-la-schizophrene-jugee-coupable-du-meurtre-de-son-compagnon-a-la-baule","status":"publish","type":"post","link":"https:\/\/lemeuravocat.fr\/index.php\/2022\/03\/18\/loire-atlantique-huit-ans-de-prison-pour-la-schizophrene-jugee-coupable-du-meurtre-de-son-compagnon-a-la-baule\/","title":{"rendered":"Loire-Atlantique : huit ans de prison pour la schizophr\u00e8ne jug\u00e9e coupable du meurtre de son compagnon \u00e0 La Baule"},"content":{"rendered":"\n<h2 class=\"wp-block-heading\"><\/h2>\n\n\n\n<p>Elle niait avoir \u00e9trangl\u00e9 son conjoint dans leur lit \u00e0 La Baule mais cette jeune m\u00e8re de famille n&rsquo;a pas convaincu la cour d&rsquo;assises\u00a0 de Loire-Atlantique de son innocence.<\/p>\n\n\n\n<p>La cour d\u2019assises de la Loire-Atlantique a prononc\u00e9 jeudi 17 mars 2022 huit ans d\u2019emprisonnement \u00e0 l\u2019encontre de la jeune femme jug\u00e9e depuis trois jours pour le \u00ab\u00a0meurtre\u00a0\u00bb de son compagnon, qui avait \u00e9t\u00e9 retrouv\u00e9 \u00e9trangl\u00e9 dans son lit \u00e0 La Baule, impasse des Liserons, en f\u00e9vrier 2015.<\/p>\n\n\n\n<p>Justine X devra aussi se plier \u00e0 un suivi sociojudiciaire de cinq ans \u00e0 sa sortie de d\u00e9tention, sans quoi elle risquerait de purger deux nouvelles ann\u00e9es d\u2019emprisonnement. Il comprendra une injonction de soins en lien avec ses troubles psychiques, une obligation d\u2019indemniser les parties civiles et de fixer sa r\u00e9sidence dans un lieu d\u00e9termin\u00e9.<\/p>\n\n\n\n<h2 class=\"wp-block-heading\">\u00ab&nbsp;Schizophr\u00e9nie parano\u00efde&nbsp;\u00bb&nbsp;<\/h2>\n\n\n\n<p>Sur le plan civil, l\u2019accus\u00e9e devra verser des dommages et int\u00e9r\u00eats au p\u00e8re et au fr\u00e8re de la victime, un homme qu\u2019elle avait rencontr\u00e9 en h\u00f4pital psychiatrique et avec qui elle vivait depuis plusieurs ann\u00e9es. Leur montant sera arr\u00eat\u00e9 lors d\u2019une audience ult\u00e9rieure pr\u00e9vue le 24 mars. Les deux hommes ont d\u2019ores et d\u00e9j\u00e0 \u00e9valu\u00e9 leurs divers pr\u00e9judices \u00e0 47 000 \u20ac.<\/p>\n\n\n\n<p>L\u2019avocat g\u00e9n\u00e9ral avait requis pour sa part dix ans de r\u00e9clusion criminelle, une peine qui tenait compte de \u00ab\u00a0l\u2019alt\u00e9ration du discernement\u00a0\u00bb de cette femme atteinte de \u00ab\u00a0schizophr\u00e9nie parano\u00efde\u00a0\u00bb au moment de la mort de son compagnon. Ayant d\u00e9j\u00e0 fait l\u2019objet d\u2019une quinzaine d\u2019hospitalisations sous contrainte, elle s\u2019adonnait aussi \u00e0 des \u00ab\u00a0alcoolisations tr\u00e8s importantes\u00a0\u00bb.<\/p>\n\n\n\n<h2 class=\"wp-block-heading\">Elle \u00e9tait \u00ab&nbsp;la dominante&nbsp;\u00bb et lui \u00ab&nbsp;le soumis&nbsp;\u00bb, selon des proches<\/h2>\n\n\n\n<p>Le 24 f\u00e9vrier 2015, vers 21 h, Justine X avait elle-m\u00eame pr\u00e9venu le Samu et SOS M\u00e9decins : alors que le couple avait pass\u00e9 la journ\u00e9e \u00e0 prendre des m\u00e9dicaments, dormir et regarder la t\u00e9l\u00e9vision, la jeune femme de 30 ans avait r\u00e9alis\u00e9 \u00e0 son r\u00e9veil que son conjoint de 38 ans \u00e9tait \u00ab&nbsp;froid&nbsp;\u00bb et \u00ab&nbsp;ne respirait plus&nbsp;\u00bb. Mais un \u00ab&nbsp;trou noir&nbsp;\u00bb l\u2019emp\u00eachait d\u2019avoir plus de souvenirs.<\/p>\n\n\n\n<p>Lors du proc\u00e8s, l\u2019avocate des deux fr\u00e8res de la victime s\u2019\u00e9tait offusqu\u00e9e que l\u2019accus\u00e9e ait tent\u00e9 par la suite de \u00ab&nbsp;renverser les r\u00f4les&nbsp;\u00bb en \u00ab&nbsp;mettant en avant son statut de personne malade&nbsp;\u00bb et en pr\u00e9sentant cet ancien h\u00e9ro\u00efnomane comme un \u00ab&nbsp;horrible personnage&nbsp;\u00bb qui se serait montr\u00e9 violent \u00e0 son \u00e9gard et qui lui aurait fait \u00ab&nbsp;l\u2019amour dans les fesses&nbsp;\u00bb contre son gr\u00e9.<\/p>\n\n\n\n<h2 class=\"wp-block-heading\">\u00ab&nbsp;Un nounours tr\u00e8s gentil&nbsp;\u00bb<\/h2>\n\n\n\n<p>Cette \u00ab&nbsp;histoire variable et adaptative&nbsp;\u00bb \u00e9tait apparue quand \u00ab&nbsp;le spectre de la prison&nbsp;\u00bb s\u2019\u00e9tait fait plus mena\u00e7ant \u00e0 son \u00e9gard.<\/p>\n\n\n\n<p>La victime est d\u00e9crite \u00ab&nbsp;comme un nounours tr\u00e8s gentil qui ne ferait pas de mal \u00e0 une mouche&nbsp;\u00bb, avait ajout\u00e9 l\u2019avocate. En revanche, l\u2019accus\u00e9e est pr\u00e9sent\u00e9e \u00ab&nbsp;comme la dominante et lui le soumis\u2026 Il la conduisait partout o\u00f9 elle voulait.&nbsp;\u00bb<\/p>\n\n\n\n<p>Cette m\u00e8re de deux filles aurait ainsi demand\u00e9 \u00e0 son compagnon de \u00ab&nbsp;quitter l\u2019appartement&nbsp;\u00bb qu\u2019elle occupait impasse des Liserons \u00ab&nbsp;pour avoir des relations physiques et intimes avec d\u2019autres hommes&nbsp;\u00bb, avait abond\u00e9 l\u2019avocat g\u00e9n\u00e9ral dans son r\u00e9quisitoire. Celles-ci avaient lieu \u00ab&nbsp;parfois en sa pr\u00e9sence&nbsp;\u00bb, alors qu\u2019il se trouvait dans la pi\u00e8ce d\u2019\u00e0-c\u00f4t\u00e9.<\/p>\n\n\n\n<h2 class=\"wp-block-heading\">\u00ab&nbsp;Elle est vite pass\u00e9e \u00e0 autre chose&nbsp;\u00bb<\/h2>\n\n\n\n<p>Le magistrat du parquet avait aussi admis que la victime \u00ab&nbsp;n\u2019a pas \u00e9t\u00e9 tout le temps parfait&nbsp;\u00bb : il avait d\u00e9j\u00e0 \u00e9t\u00e9 condamn\u00e9 pour des violences conjugales sur une ex-compagne, dont il avait cass\u00e9 la m\u00e2choire avec un tabouret, en 2011. Mais Justine X n\u2019a \u00ab&nbsp;jamais&nbsp;\u00bb fait \u00e9tat de violences \u00e0 son \u00e9gard lors de sa garde \u00e0 vue alors qu\u2019elle a \u00e9t\u00e9 \u00ab&nbsp;entendue trois fois&nbsp;\u00bb.<\/p>\n\n\n\n<p>L\u2019avocat g\u00e9n\u00e9ral pense en fait que l\u2019accus\u00e9e a \u00ab&nbsp;voulu se d\u00e9barrasser&nbsp;\u00bb de la victime, au vu de son attitude suspecte apr\u00e8s le d\u00e9c\u00e8s. \u00ab&nbsp;Elle ne pleure pas, elle ne se rend pas aux obs\u00e8ques, elle refuse de le voir en photo\u2026&nbsp;\u00bb, avait-il relev\u00e9.<\/p>\n\n\n\n<blockquote class=\"wp-block-quote is-layout-flow wp-block-quote-is-layout-flow\">\n<p>\u00ab&nbsp;Selon une amie, elle est vite pass\u00e9e \u00e0 autre chose : elle parlait de la mort de son compagnon comme de la mort de son poisson rouge.&nbsp;\u00bb<\/p>\n<\/blockquote>\n\n\n\n<p>Le repr\u00e9sentant du parquet avait aussi fustig\u00e9 les \u00ab&nbsp;strat\u00e9gies d\u2019\u00e9vitement&nbsp;\u00bb de l\u2019accus\u00e9e, qui \u00e9tait \u00ab&nbsp;bien loin d\u2019\u00eatre quelqu\u2019un de compl\u00e8tement l\u00e9thargique&nbsp;\u00bb au d\u00e9but de la proc\u00e9dure, comme elle se pr\u00e9sente aujourd\u2019hui devant la cour d\u2019assises.<\/p>\n\n\n\n<p>Me Brett Le Meur, l\u2019un des deux avocats de l\u2019accus\u00e9e, avait lui tent\u00e9 d\u2019instiller le \u00ab&nbsp;doute&nbsp;\u00bb dans l\u2019esprit des jur\u00e9s sur la culpabilit\u00e9 de sa cliente au vu de l\u2019enqu\u00eate \u00ab&nbsp;extr\u00eamement lacunaire&nbsp;\u00bb des policiers.<\/p>\n\n\n\n<h2 class=\"wp-block-heading\">Une assurance-vie d\u2019un million d\u2019euros avait \u00e9t\u00e9 souscrite<\/h2>\n\n\n\n<p>Plusieurs hypoth\u00e8ses n\u2019ont \u00ab&nbsp;jamais&nbsp;\u00bb \u00e9t\u00e9 v\u00e9rifi\u00e9es, selon lui, comme celle d\u2019un meurtre de l\u2019ancien h\u00e9ro\u00efnomane par un \u00ab&nbsp;cr\u00e9ancier&nbsp;\u00bb pendant que lui et sa compagne dormaient sous le coup de leurs alcoolisations et prises m\u00e9dicamenteuses. Or, &nbsp;\u00ab&nbsp;des \u00e9l\u00e9ments&nbsp;\u00bb prouvent que la victime avait \u00ab&nbsp;des dettes d\u2019argent&nbsp;\u00bb et qu\u2019il \u00ab&nbsp;se cachait un peu&nbsp;\u00bb, selon l\u2019un de ses fr\u00e8res.<\/p>\n\n\n\n<p>Me Brett Le Meur s\u2019\u00e9tait \u00e9galement interrog\u00e9 sur l\u2019hypoth\u00e8se d\u2019un meurtre crapuleux : une assurance-vie d\u2019un montant \u00ab&nbsp;\u00e9norme&nbsp;\u00bb de 1 million d\u2019euros avait \u00e9t\u00e9 souscrite peu avant sa mort. Or, il avait eu un enfant avec une autre femme par le pass\u00e9. \u00ab&nbsp;La m\u00e8re avait-elle connaissance de cette assurance ? Cette hypoth\u00e8se n\u2019a pas \u00e9t\u00e9 examin\u00e9e&nbsp;\u00bb, a-t-il regrett\u00e9.<\/p>\n\n\n\n<h2 class=\"wp-block-heading\">Emprisonn\u00e9e \u00e0 l\u2019issue du verdict<\/h2>\n\n\n\n<p>Me Quentin Chabert, le second avocat de l\u2019accus\u00e9e, avait pour sa part tent\u00e9 de plaider en vain l\u2019acquittement de cette m\u00e8re \u00ab&nbsp;pas id\u00e9ale&nbsp;\u00bb au vu de la \u00ab&nbsp;camisole chimique&nbsp;\u00bb dans laquelle cette femme \u00ab&nbsp;psychotique&nbsp;\u00bb \u00e9tait enferm\u00e9e. Son \u00ab&nbsp;discernement&nbsp;\u00bb \u00e9tait bel et bien \u00ab&nbsp;aboli&nbsp;\u00bb, de son point de vue. Mais la cour a estim\u00e9 qu\u2019il n\u2019\u00e9tait que simplement \u00ab&nbsp;alt\u00e9r\u00e9&nbsp;\u00bb.<\/p>\n\n\n\n<p>Cette femme, originaire de Pornichet, comparaissait libre \u00e0 son proc\u00e8s : elle avait \u00e9t\u00e9 remise en libert\u00e9 apr\u00e8s avoir purg\u00e9 un an et demi de d\u00e9tention provisoire. Un mandat de d\u00e9p\u00f4t \u00e0 effet imm\u00e9diat a donc \u00e9t\u00e9 d\u00e9cern\u00e9 \u00e0 son encontre \u00e0 l\u2019issue des trois jours de proc\u00e8s.<\/p>\n\n\n\n<p><a href=\"https:\/\/actu.fr\/pays-de-la-loire\/la-baule-escoublac_44055\/loire-atlantique-huit-ans-de-prison-pour-la-schizophrene-jugee-coupable-du-meurtre-de-son-compagnon-a-la-baule_49507502.html\" data-type=\"link\" data-id=\"https:\/\/actu.fr\/pays-de-la-loire\/la-baule-escoublac_44055\/loire-atlantique-huit-ans-de-prison-pour-la-schizophrene-jugee-coupable-du-meurtre-de-son-compagnon-a-la-baule_49507502.html\">Lien vers l&rsquo;article<\/a><\/p>\n\n\n\n<p><\/p>\n","protected":false},"excerpt":{"rendered":"<p>Elle niait avoir \u00e9trangl\u00e9 son conjoint dans leur lit \u00e0 La Baule mais cette jeune m\u00e8re de famille n&rsquo;a pas convaincu la cour d&rsquo;assises\u00a0 de Loire-Atlantique de son innocence. La cour d\u2019assises de la Loire-Atlantique a prononc\u00e9 jeudi 17 mars 2022 huit ans d\u2019emprisonnement \u00e0 l\u2019encontre de la jeune femme jug\u00e9e depuis trois jours pour&hellip;&nbsp;<a href=\"https:\/\/lemeuravocat.fr\/index.php\/2022\/03\/18\/loire-atlantique-huit-ans-de-prison-pour-la-schizophrene-jugee-coupable-du-meurtre-de-son-compagnon-a-la-baule\/\" rel=\"bookmark\">Lire la suite &raquo;<span class=\"screen-reader-text\">Loire-Atlantique : huit ans de prison pour la schizophr\u00e8ne jug\u00e9e coupable du meurtre de son compagnon \u00e0 La Baule<\/span><\/a><\/p>\n","protected":false},"author":1,"featured_media":282,"comment_status":"open","ping_status":"open","sticky":false,"template":"","format":"standard","meta":{"neve_meta_sidebar":"","neve_meta_container":"","neve_meta_enable_content_width":"","neve_meta_content_width":70,"neve_meta_title_alignment":"","neve_meta_author_avatar":"","neve_post_elements_order":"","neve_meta_disable_header":"","neve_meta_disable_footer":"","neve_meta_disable_title":"","_themeisle_gutenberg_block_has_review":false,"footnotes":""},"categories":[10],"tags":[],"class_list":["post-231","post","type-post","status-publish","format-standard","has-post-thumbnail","hentry","category-uncategorized"],"_links":{"self":[{"href":"https:\/\/lemeuravocat.fr\/index.php\/wp-json\/wp\/v2\/posts\/231","targetHints":{"allow":["GET"]}}],"collection":[{"href":"https:\/\/lemeuravocat.fr\/index.php\/wp-json\/wp\/v2\/posts"}],"about":[{"href":"https:\/\/lemeuravocat.fr\/index.php\/wp-json\/wp\/v2\/types\/post"}],"author":[{"embeddable":true,"href":"https:\/\/lemeuravocat.fr\/index.php\/wp-json\/wp\/v2\/users\/1"}],"replies":[{"embeddable":true,"href":"https:\/\/lemeuravocat.fr\/index.php\/wp-json\/wp\/v2\/comments?post=231"}],"version-history":[{"count":3,"href":"https:\/\/lemeuravocat.fr\/index.php\/wp-json\/wp\/v2\/posts\/231\/revisions"}],"predecessor-version":[{"id":287,"href":"https:\/\/lemeuravocat.fr\/index.php\/wp-json\/wp\/v2\/posts\/231\/revisions\/287"}],"wp:featuredmedia":[{"embeddable":true,"href":"https:\/\/lemeuravocat.fr\/index.php\/wp-json\/wp\/v2\/media\/282"}],"wp:attachment":[{"href":"https:\/\/lemeuravocat.fr\/index.php\/wp-json\/wp\/v2\/media?parent=231"}],"wp:term":[{"taxonomy":"category","embeddable":true,"href":"https:\/\/lemeuravocat.fr\/index.php\/wp-json\/wp\/v2\/categories?post=231"},{"taxonomy":"post_tag","embeddable":true,"href":"https:\/\/lemeuravocat.fr\/index.php\/wp-json\/wp\/v2\/tags?post=231"}],"curies":[{"name":"wp","href":"https:\/\/api.w.org\/{rel}","templated":true}]}}